{"id":7974,"date":"2010-05-04T23:00:56","date_gmt":"2010-05-05T07:00:56","guid":{"rendered":"http:\/\/stephendanko.com\/blog\/?p=7974"},"modified":"2026-03-11T17:16:48","modified_gmt":"2026-03-12T00:16:48","slug":"administrative-structure-of-the-parishes-of-the-pultusk-powiat","status":"publish","type":"post","link":"https:\/\/stephendanko.com\/blog\/7974","title":{"rendered":"Administrative Structure of the Pu\u0142tusk Powiat"},"content":{"rendered":"\n<p>The following parishes were part of the Pu\u0142tusk Powiat at the beginning of the 20th Century: <a href=\"https:\/\/pl.wikipedia.org\/wiki\/Barcice_(wojew%C3%B3dztwo_mazowieckie)\" data-type=\"URL\" data-id=\"https:\/\/pl.wikipedia.org\/wiki\/Barcice_(wojew%C3%B3dztwo_mazowieckie)\" target=\"_blank\" rel=\"noreferrer noopener\">Barcice<\/a>, <a href=\"https:\/\/pl.wikipedia.org\/wiki\/Dzier%C5%BCenin\" target=\"_blank\" rel=\"noreferrer noopener\">Dzier\u017cenin<\/a>, <a href=\"https:\/\/pl.wikipedia.org\/wiki\/G%C4%85siorowo_(powiat_pu%C5%82tuski)\" target=\"_blank\" rel=\"noreferrer noopener\">G\u0105siorowo<\/a>, <a href=\"https:\/\/pl.wikipedia.org\/wiki\/Gzy_(wie%C5%9B)\" target=\"_blank\" rel=\"noreferrer noopener\">Gzy<\/a>, <a href=\"https:\/\/pl.wikipedia.org\/wiki\/Klukowo_(powiat_pu%C5%82tuski)\" target=\"_blank\" rel=\"noreferrer noopener\">Klukowo<\/a>, <a href=\"https:\/\/pl.wikipedia.org\/wiki\/Stary_Lubiel\" data-type=\"link\" data-id=\"https:\/\/pl.wikipedia.org\/wiki\/Stary_Lubiel\">Lubiel<\/a>, <a href=\"https:\/\/pl.wikipedia.org\/wiki\/Nasielsk\" target=\"_blank\" rel=\"noreferrer noopener\">Nasielsk<\/a>, <a href=\"https:\/\/pl.wikipedia.org\/wiki\/Obryte_(wie%C5%9B_w_powiecie_pu%C5%82tuskim)\" target=\"_blank\" rel=\"noreferrer noopener\">Obryte<\/a>, <a href=\"https:\/\/pl.wikipedia.org\/wiki\/Pniewo_(powiat_pu%C5%82tuski)\" target=\"_blank\" rel=\"noreferrer noopener\">Pniewo<\/a>, <a href=\"https:\/\/pl.wikipedia.org\/wiki\/Pokrzywnica_(powiat_pu%C5%82tuski)\" target=\"_blank\" rel=\"noreferrer noopener\">Pokrzywnica<\/a>, <a href=\"https:\/\/pl.wikipedia.org\/wiki\/Popowo_Ko%C5%9Bcielne_(wojew%C3%B3dztwo_mazowieckie)\" data-type=\"URL\" data-id=\"https:\/\/pl.wikipedia.org\/wiki\/Popowo_Ko%C5%9Bcielne_(wojew%C3%B3dztwo_mazowieckie)\" target=\"_blank\" rel=\"noreferrer noopener\">Popowo<\/a>, <a href=\"https:\/\/pl.wikipedia.org\/wiki\/Przewodowo_Poduchowne\" target=\"_blank\" rel=\"noreferrer noopener\">Przewodowo<\/a>, <a href=\"https:\/\/pl.wikipedia.org\/wiki\/Pu%C5%82tusk\" target=\"_blank\" rel=\"noreferrer noopener\">Pu\u0142tusk<\/a>, <a href=\"https:\/\/pl.wikipedia.org\/wiki\/Serock\" target=\"_blank\" rel=\"noreferrer noopener\">Serock<\/a>, <a href=\"https:\/\/pl.wikipedia.org\/wiki\/Smogorzewo_Pa%C5%84skie\" target=\"_blank\" rel=\"noreferrer noopener\">Smogorzewo Pa\u0144skie<\/a>, <a href=\"https:\/\/pl.wikipedia.org\/wiki\/Strzegocin_(wojew%C3%B3dztwo_mazowieckie)\" target=\"_blank\" rel=\"noreferrer noopener\">Strzegocin<\/a>, <a href=\"https:\/\/pl.wikipedia.org\/wiki\/Szyszki_(wojew%C3%B3dztwo_mazowieckie)\" target=\"_blank\" rel=\"noreferrer noopener\">Szyszki<\/a>, <a href=\"https:\/\/pl.wikipedia.org\/wiki\/Winnica_(powiat_pu%C5%82tuski)\" target=\"_blank\" rel=\"noreferrer noopener\">Winnica<\/a>, <a href=\"https:\/\/pl.wikipedia.org\/wiki\/Wyszk%C3%B3w\" data-type=\"URL\" data-id=\"https:\/\/pl.wikipedia.org\/wiki\/Wyszk%C3%B3w\" target=\"_blank\" rel=\"noreferrer noopener\">Wyszk\u00f3w<\/a>, <a href=\"https:\/\/pl.wikipedia.org\/wiki\/Zambski_Ko%C5%9Bcielne\" target=\"_blank\" rel=\"noreferrer noopener\">Zambski<\/a>, <a href=\"https:\/\/pl.wikipedia.org\/wiki\/Zatory\" target=\"_blank\" rel=\"noreferrer noopener\">Zatory<\/a>, <a href=\"https:\/\/pl.wikipedia.org\/wiki\/Zegrze\" data-type=\"URL\" data-id=\"https:\/\/pl.wikipedia.org\/wiki\/Zegrze\" target=\"_blank\" rel=\"noreferrer noopener\">Zegrze<\/a>, and <a href=\"https:\/\/pl.wikipedia.org\/wiki\/%C5%BBeromin_Drugi\" target=\"_blank\" rel=\"noreferrer noopener\">\u017beromin<\/a>.<\/p>\n\n\n\n<figure class=\"wp-block-image\"><a href=\"https:\/\/stephendanko.com\/blog\/wp-content\/uploads\/2019\/02\/Powiat-Pultusk.jpg\"><img loading=\"lazy\" decoding=\"async\" width=\"726\" height=\"1024\" src=\"https:\/\/stephendanko.com\/blog\/wp-content\/uploads\/2019\/02\/Powiat-Pultusk-726x1024.jpg\" alt=\"Pu\u0142tusk Powiat in the Warsaw Gubernia - 1907\" class=\"wp-image-20971\" srcset=\"https:\/\/stephendanko.com\/blog\/wp-content\/uploads\/2019\/02\/Powiat-Pultusk-726x1024.jpg 726w, https:\/\/stephendanko.com\/blog\/wp-content\/uploads\/2019\/02\/Powiat-Pultusk-213x300.jpg 213w, https:\/\/stephendanko.com\/blog\/wp-content\/uploads\/2019\/02\/Powiat-Pultusk-768x1083.jpg 768w\" sizes=\"auto, (max-width: 726px) 100vw, 726px\" \/><\/a><figcaption class=\"wp-element-caption\"> <br><strong>Pu\u0142tusk Powiat in the Warsaw Gubernia &#8211; 1907<\/strong><br>J\u00f3zef Micha\u0142 Bazewicz,&nbsp;<em>Atlas geograficzny ilustrowany Kr\u00f3lestwa Polskiego<\/em>&nbsp;(Litografia B. A. Bukaty, Warsaw, 1907); digital images,&nbsp;<em>Mapywig<\/em>&nbsp;(<a href=\"http:\/\/igrek.amzp.pl\/details.php?id=11767061\">http:\/\/igrek.amzp.pl\/details.php?id=11767061<\/a>&nbsp;: accessed 02 February 2019). <\/figcaption><\/figure>\n\n\n\n<p>The administrative structure of the parishes of Dzier\u017cenin, Gzy, Klukowo, Pokrzywnica, Przewodowo, Pu\u0142tusk, Smogorzewo&nbsp;Pa\u0144skie, Szyszki, Winnica, and \u017beromin can be described as follows:<\/p>\n\n\n\n<ul class=\"wp-block-list\">\n<li><strong>01 Jul 1569-03 Oct 1795:<\/strong> <em>Village<\/em>, Zakroczym Ziemia, Masovia Voivodeship, Crown of the Kingdom of Poland, Polish-Lithuanian Commonwealth<\/li>\n\n\n\n<li><strong>04 Oct 1795-08 Jul 1807:<\/strong> <em>Village<\/em>, Kammerdepartement P\u0142ock, Province of New East Prussia, Kingdom of Prussia<\/li>\n\n\n\n<li><strong>09 Jul 1807-08 Jun 1815:<\/strong> <em>Village<\/em>, Pu\u0142tusk Powiat, P\u0142ock Department, Duchy of Warsaw<\/li>\n\n\n\n<li><strong>09 Jun 1815-15 Jan 1816:<\/strong> <em>Village<\/em>, Pu\u0142tusk Powiat, P\u0142ock Department, Congress Kingdom of Poland<\/li>\n\n\n\n<li><strong>16 Jan 1816-06 Mar 1837:<\/strong> <em>Village<\/em>, Pu\u0142tusk Obw\u00f3d, P\u0142ock Voivodeship, Congress Kingdom of Poland<\/li>\n\n\n\n<li><strong>07 Mar 1837-10 Nov 1842:<\/strong> <em>Village<\/em>, Pu\u0142tusk Obw\u00f3d, P\u0142ock Gubernia, Congress Kingdom of Poland<\/li>\n\n\n\n<li><strong>11 Nov 1842-30 Dec 1866:<\/strong> <em>Village<\/em>, Pu\u0142tusk Powiat, P\u0142ock Gubernia, Congress Kingdom of Poland<\/li>\n\n\n\n<li><strong>31 Dec 1866-25 Dec 1893<\/strong>: <em>Village<\/em>, Pu\u0142tusk Powiat, \u0141om\u017ca Gubernia, Congress Kingdom of Poland<\/li>\n\n\n\n<li><strong>26 Dec 1893-07 Sep 1915:<\/strong> <em>Village<\/em>, Pu\u0142tusk Powiat, Warsaw Gubernia, Congress Kingdom of Poland<\/li>\n\n\n\n<li><strong>08 Sep 1915-10 Nov 1918:<\/strong>&nbsp;<em>Village<\/em>, Pu\u0142tusk Powiat, General Government of Warsaw, German Empire<\/li>\n\n\n\n<li><strong>11 Nov 1918-07 Oct 1939:<\/strong> <em>Village<\/em>, Pu\u0142tusk Powiat, Warsaw Voivodeship, Second Polish Republic<\/li>\n\n\n\n<li><strong>08 Oct 1939-27 Jun 1945:<\/strong> <em>Village<\/em>, Landkreis Ostenburg, Regierungsbezirk Zichenau, Province of East Prussia, German Reich<\/li>\n\n\n\n<li><strong>28 Jun 1945-21 Jul 1952:<\/strong> <em>Village<\/em>, Pu\u0142tusk Powiat, Warsaw Voivodeship, Republic of Poland<\/li>\n\n\n\n<li><strong>22 Jul 1952-31 May 1975:<\/strong> <em>Village<\/em>, Pu\u0142tusk Powiat, Warsaw Voivodeship, Polish People&#8217;s Republic<\/li>\n\n\n\n<li><strong>01 Jun 1975-30 Dec 1989:<\/strong> <em>Village<\/em>, Ciechan\u00f3w Voivodeship, Polish People&#8217;s Republic<\/li>\n\n\n\n<li><strong>31 Dec 1989-30 Dec 1998:<\/strong> <em>Village<\/em>, Ciechan\u00f3w Voivodeship, Third Polish Republic<\/li>\n\n\n\n<li><strong>31 Dec 1998-Present:<\/strong> <em>Village<\/em>, Pu\u0142tusk Powiat, Masovian Voivodeship, Third Polish Republic<\/li>\n<\/ul>\n\n\n\n<p> The administrative structure of the parish of Nasielsk can be described as follows:<\/p>\n\n\n\n<ul class=\"wp-block-list\">\n<li><strong>01 Jul 1569-03 Oct 1795:<\/strong> <em>Village<\/em>, Zakroczym Ziemia, Masovia Voivodeship, Crown of the Kingdom of Poland, Polish-Lithuanian Commonwealth<\/li>\n\n\n\n<li><strong>04 Oct 1795-08 Jul 1807:<\/strong> <em>Village<\/em>, Kammerdepartement P\u0142ock, Province of New East Prussia, Kingdom of Prussia<\/li>\n\n\n\n<li><strong>09 Jul 1807-08 Jun 1815:<\/strong> <em>Village<\/em>, Pu\u0142tusk Powiat, P\u0142ock Department, Duchy of Warsaw<\/li>\n\n\n\n<li><strong>09 Jun 1815-15 Jan 1816:<\/strong> <em>Village<\/em>, Pu\u0142tusk Powiat, P\u0142ock Department, Congress Kingdom of Poland<\/li>\n\n\n\n<li><strong>16 Jan 1816-06 Mar 1837:<\/strong> <em>Village<\/em>, Pu\u0142tusk Obw\u00f3d, P\u0142ock Voivodeship, Congress Kingdom of Poland<\/li>\n\n\n\n<li><strong>07 Mar 1837-10 Nov 1842:<\/strong> <em>Village<\/em>, Pu\u0142tusk Obw\u00f3d, P\u0142ock Gubernia, Congress Kingdom of Poland<\/li>\n\n\n\n<li><strong>11 Nov 1842-30 Dec 1866:<\/strong> <em>Village<\/em>, Pu\u0142tusk Powiat, P\u0142ock Gubernia, Congress Kingdom of Poland<\/li>\n\n\n\n<li><strong>31 Dec 1866-25 Dec 1893<\/strong>: <em>Village<\/em>, Pu\u0142tusk Powiat, \u0141om\u017ca Gubernia, Congress Kingdom of Poland<\/li>\n\n\n\n<li><strong>26 Dec 1893-07 Sep 1915:<\/strong> <em>Village<\/em>, Pu\u0142tusk Powiat, Warsaw Gubernia, Congress Kingdom of Poland<br><strong>08 Sep 1915-10 Nov 1918:<\/strong>\u00a0<em>Village<\/em>, Pu\u0142tusk Powiat, General Government of Warsaw, German Empire<\/li>\n\n\n\n<li><strong>11 Nov 1918-07 Oct 1939:<\/strong> <em>Village<\/em>, Pu\u0142tusk Powiat, Warsaw Voivodeship, Second Polish Republic<\/li>\n\n\n\n<li><strong>08 Oct 1939-27 Jun 1945:<\/strong> <em>Village<\/em>, Landkreis Ostenburg, Regierungsbezirk Zichenau, Province of East Prussia, German Reich<\/li>\n\n\n\n<li><strong>28 Jun 1945-21 Jul 1952:<\/strong> <em>Village<\/em>, Pu\u0142tusk Powiat, Warsaw Voivodeship, Republic of Poland<\/li>\n\n\n\n<li><strong>22 Jul 1952-31 May 1975:<\/strong> <em>Village<\/em>, Pu\u0142tusk Powiat, Warsaw Voivodeship, Polish People&#8217;s Republic<\/li>\n\n\n\n<li><strong>01 Jun 1975-30 Dec 1989:<\/strong> <em>Village<\/em>, Ciechan\u00f3w Voivodeship, Polish People&#8217;s Republic<\/li>\n\n\n\n<li><strong>31 Dec 1989-30 Dec 1998:<\/strong> <em>Village<\/em>, Ciechan\u00f3w Voivodeship, Third Polish Republic<\/li>\n\n\n\n<li><strong>31 Dec 1998-Present:<\/strong> <em>Village<\/em>, Nowy Dw\u00f3r Powiat, Masovian Voivodeship, Third Polish Republic<\/li>\n<\/ul>\n\n\n\n<p>The administrative structure of the parishes of Serock and Zegrze can be described as follows:<\/p>\n\n\n\n<ul class=\"wp-block-list\">\n<li><strong>01 Jul 1569-03 Oct 1795:<\/strong> <em>Village<\/em>, Zakroczym Ziemia, Masovia Voivodeship, Crown of the Kingdom of Poland, Polish-Lithuanian Commonwealth<\/li>\n\n\n\n<li><strong>04 Oct 1795-08 Jul 1807:<\/strong> <em>Village<\/em>, Kammerdepartement P\u0142ock, Province of New East Prussia, Kingdom of Prussia<\/li>\n\n\n\n<li><strong>09 Jul 1807-08 Jun 1815:<\/strong> <em>Village<\/em>, Pu\u0142tusk Powiat, P\u0142ock Department, Duchy of Warsaw<\/li>\n\n\n\n<li><strong>09 Jun 1815-15 Jan 1816:<\/strong> <em>Village<\/em>, Pu\u0142tusk Powiat, P\u0142ock Department, Congress Kingdom of Poland<\/li>\n\n\n\n<li><strong>16 Jan 1816-06 Mar 1837:<\/strong> <em>Village<\/em>, Pu\u0142tusk Obw\u00f3d, P\u0142ock Voivodeship, Congress Kingdom of Poland<\/li>\n\n\n\n<li><strong>07 Mar 1837-10 Nov 1842:<\/strong> <em>Village<\/em>, Pu\u0142tusk Obw\u00f3d, P\u0142ock Gubernia, Congress Kingdom of Poland<\/li>\n\n\n\n<li><strong>11 Nov 1842-30 Dec 1866:<\/strong> <em>Village<\/em>, Pu\u0142tusk Powiat, P\u0142ock Gubernia, Congress Kingdom of Poland<\/li>\n\n\n\n<li><strong>31 Dec 1866-25 Dec 1893<\/strong>: <em>Village<\/em>, Pu\u0142tusk Powiat, \u0141om\u017ca Gubernia, Congress Kingdom of Poland<\/li>\n\n\n\n<li><strong>26 Dec 1893-07 Sep 1915:<\/strong> <em>Village<\/em>, Pu\u0142tusk Powiat, Warsaw Gubernia, Congress Kingdom of Poland<\/li>\n\n\n\n<li><strong>08 Sep 1915-10 Nov 1918:<\/strong>&nbsp;<em>Village<\/em>, Pu\u0142tusk Powiat, General Government of Warsaw, German Empire<\/li>\n\n\n\n<li><strong>11 Nov 1918-07 Oct 1939:<\/strong> <em>Village<\/em>, Pu\u0142tusk Powiat, Warsaw Voivodeship, Second Polish Republic<\/li>\n\n\n\n<li><strong>08 Oct 1939-27 Jun 1945:<\/strong> <em>Village<\/em>, Landkreis Ostenburg, Regierungsbezirk Zichenau, Province of East Prussia, German Reich<\/li>\n\n\n\n<li><strong>28 Jun 1945-21 Jul 1952:<\/strong> <em>Village<\/em>, Pu\u0142tusk Powiat, Warsaw Voivodeship, Republic of Poland<\/li>\n\n\n\n<li><strong>22 Jul 1952-31 May 1975:<\/strong> <em>Village<\/em>, Pu\u0142tusk Powiat, Warsaw Voivodeship, Polish People&#8217;s Republic<\/li>\n\n\n\n<li><strong>01 Jun 1975-30 Dec 1989:<\/strong> <em>Village<\/em>, Warsaw Voivodeship, Polish People&#8217;s Republic<\/li>\n\n\n\n<li><strong>31 Dec 1989-30 Dec 1998:<\/strong> <em>Village<\/em>, Warsaw Voivodeship, Third Polish Republic<\/li>\n\n\n\n<li><strong>31 Dec 1998-Present:<\/strong> <em>Village<\/em>, Legionowo Powiat, Masovian Voivodeship, Third Polish Republic<\/li>\n<\/ul>\n\n\n\n<p>The administrative structure of the parish of G\u0105siorowo can be described as follows:<\/p>\n\n\n\n<ul class=\"wp-block-list\">\n<li><strong>01 Jul 1569-03 Oct 1795:<\/strong> <em>Village<\/em>, R\u00f3\u017can Ziemia, Masovia Voivodeship, Crown of the Kingdom of Poland, Polish-Lithuanian Commonwealth<\/li>\n\n\n\n<li><strong>04 Oct 1795-08 Jul 1807:<\/strong> <em>Village<\/em>, Kammerdepartement P\u0142ock, Province of New East Prussia, Kingdom of Prussia<\/li>\n\n\n\n<li><strong>09 Jul 1807-08 Jun 1815:<\/strong> <em>Village<\/em>, Pu\u0142tusk Powiat, P\u0142ock Department, Duchy of Warsaw<\/li>\n\n\n\n<li><strong>09 Jun 1815-15 Jan 1816:<\/strong> <em>Village<\/em>, Pu\u0142tusk Powiat, P\u0142ock Department, Congress Kingdom of Poland<\/li>\n\n\n\n<li><strong>16 Jan 1816-06 Mar 1837:<\/strong> <em>Village<\/em>, Pu\u0142tusk Obw\u00f3d, P\u0142ock Voivodeship, Congress Kingdom of Poland<\/li>\n\n\n\n<li><strong>07 Mar 1837-10 Nov 1842:<\/strong> <em>Village<\/em>, Pu\u0142tusk Obw\u00f3d, P\u0142ock Gubernia, Congress Kingdom of Poland<\/li>\n\n\n\n<li><strong>11 Nov 1842-30 Dec 1866:<\/strong> <em>Village<\/em>, Pu\u0142tusk Powiat, P\u0142ock Gubernia, Congress Kingdom of Poland<\/li>\n\n\n\n<li><strong>31 Dec 1866-25 Dec 1893<\/strong>: <em>Village<\/em>, Pu\u0142tusk Powiat, \u0141om\u017ca Gubernia, Congress Kingdom of Poland<\/li>\n\n\n\n<li><strong>26 Dec 1893-07 Sep 1915:<\/strong> <em>Village<\/em>, Pu\u0142tusk Powiat, Warsaw Gubernia, Congress Kingdom of Poland<\/li>\n\n\n\n<li><strong>08 Sep 1915-10 Nov 1918:<\/strong>&nbsp;<em>Village<\/em>, Pu\u0142tusk Powiat, General Government of Warsaw, German Empire<\/li>\n\n\n\n<li><strong>11 Nov 1918-07 Oct 1939:<\/strong> <em>Village<\/em>, Pu\u0142tusk Powiat, Warsaw Voivodeship, Second Polish Republic<\/li>\n\n\n\n<li><strong>08 Oct 1939-27 Jun 1945:<\/strong> <em>Village<\/em>, Landkreis Ostenburg, Regierungsbezirk Zichenau, Province of East Prussia, German Reich<\/li>\n\n\n\n<li><strong>28 Jun 1945-21 Jul 1952:<\/strong> <em>Village<\/em>, Pu\u0142tusk Powiat, Warsaw Voivodeship, Republic of Poland<\/li>\n\n\n\n<li><strong>22 Jul 1952-31 May 1975:<\/strong> <em>Village<\/em>, Pu\u0142tusk Powiat, Warsaw Voivodeship, Polish People&#8217;s Republic<\/li>\n\n\n\n<li><strong>01 Jun 1975-30 Dec 1989:<\/strong> <em>Village<\/em>, Ciechan\u00f3w Voivodeship, Polish People&#8217;s Republic<\/li>\n\n\n\n<li><strong>31 Dec 1989-30 Dec 1998:<\/strong> <em>Village<\/em>, Ciechan\u00f3w Voivodeship, Third Polish Republic<\/li>\n\n\n\n<li><strong>31 Dec 1998-Present:<\/strong> <em>Village<\/em>, Pu\u0142tusk Powiat, Masovian Voivodeship, Third Polish Republic<\/li>\n<\/ul>\n\n\n\n<p>The administrative structure of the parishes of Obryte, Pniewo, Zambski, and Zatory can be described as follows:<\/p>\n\n\n\n<ul class=\"wp-block-list\">\n<li><strong>01 Jul 1569-03 Oct 1795:<\/strong> <em>Village<\/em>, R\u00f3\u017can Ziemia, Masovia Voivodeship, Crown of the Kingdom of Poland, Polish-Lithuanian Commonwealth<\/li>\n\n\n\n<li><strong>04 Oct 1795-08 Jul 1807:<\/strong> <em>Village<\/em>, Kammerdepartement P\u0142ock, Province of New East Prussia, Kingdom of Prussia<\/li>\n\n\n\n<li><strong>09 Jul 1807-08 Jun 1815:<\/strong> <em>Village<\/em>, Pu\u0142tusk Powiat, P\u0142ock Department, Duchy of Warsaw<\/li>\n\n\n\n<li><strong>09 Jun 1815-15 Jan 1816:<\/strong> <em>Village<\/em>, Pu\u0142tusk Powiat, P\u0142ock Department, Congress Kingdom of Poland<\/li>\n\n\n\n<li><strong>16 Jan 1816-06 Mar 1837:<\/strong> <em>Village<\/em>, Pu\u0142tusk Obw\u00f3d, P\u0142ock Voivodeship, Congress Kingdom of Poland<\/li>\n\n\n\n<li><strong>07 Mar 1837-10 Nov 1842:<\/strong> <em>Village<\/em>, Pu\u0142tusk Obw\u00f3d, P\u0142ock Gubernia, Congress Kingdom of Poland<\/li>\n\n\n\n<li><strong>11 Nov 1842-30 Dec 1866:<\/strong> <em>Village<\/em>, Pu\u0142tusk Powiat, P\u0142ock Gubernia, Congress Kingdom of Poland<\/li>\n\n\n\n<li><strong>31 Dec 1866-25 Dec 1893<\/strong>: <em>Village<\/em>, Pu\u0142tusk Powiat, \u0141om\u017ca Gubernia, Congress Kingdom of Poland<\/li>\n\n\n\n<li><strong>26 Dec 1893-07 Sep 1915:<\/strong> <em>Village<\/em>, Pu\u0142tusk Powiat, Warsaw Gubernia, Congress Kingdom of Poland<\/li>\n\n\n\n<li><strong>08 Sep 1915-10 Nov 1918:<\/strong>&nbsp;<em>Village<\/em>, Pu\u0142tusk Powiat, General Government of Warsaw, German Empire<\/li>\n\n\n\n<li><strong>11 Nov 1918-07 Oct 1939:<\/strong> <em>Village<\/em>, Pu\u0142tusk Powiat, Warsaw Voivodeship, Second Polish Republic<\/li>\n\n\n\n<li><strong>08 Oct 1939-27 Jun 1945:<\/strong> <em>Village<\/em>, Landkreis Ostenburg, Regierungsbezirk Zichenau, Province of East Prussia, German Reich<\/li>\n\n\n\n<li><strong>28 Jun 1945-21 Jul 1952:<\/strong> <em>Village<\/em>, Pu\u0142tusk Powiat, Warsaw Voivodeship, Republic of Poland<\/li>\n\n\n\n<li><strong>22 Jul 1952-31 May 1975:<\/strong> <em>Village<\/em>, Pu\u0142tusk Powiat, Warsaw Voivodeship, Polish People&#8217;s Republic<\/li>\n\n\n\n<li><strong>01 Jun 1975-30 Dec 1989:<\/strong> <em>Village<\/em>, Ostro\u0142\u0119ka Voivodeship, Polish People&#8217;s Republic<\/li>\n\n\n\n<li><strong>31 Dec 1989-30 Dec 1998:<\/strong> <em>Village<\/em>, Ostro\u0142\u0119ka Voivodeship, Third Polish Republic<\/li>\n\n\n\n<li><strong>31 Dec 1998-Present:<\/strong> <em>Village<\/em>, Pu\u0142tusk Powiat, Masovian Voivodeship, Third Polish Republic<\/li>\n<\/ul>\n\n\n\n<p>The administrative structure of the parish of Strzegocin can be described as follows:<\/p>\n\n\n\n<ul class=\"wp-block-list\">\n<li><strong>01 Jul 1569-03 Oct 1795:<\/strong> <em>Village<\/em>, Zakroczym Ziemia, Masovia Voivodeship, Crown of the Kingdom of Poland, Polish-Lithuanian Commonwealth<\/li>\n\n\n\n<li><strong>04 Oct 1795-08 Jul 1807:<\/strong> <em>Village<\/em>, Kammerdepartement P\u0142ock, Province of New East Prussia, Kingdom of Prussia<\/li>\n\n\n\n<li><strong>09 Jul 1807-08 Jun 1815:<\/strong> <em>Village<\/em>, Pu\u0142tusk Powiat, P\u0142ock Department, Duchy of Warsaw<\/li>\n\n\n\n<li><strong>09 Jun 1815-15 Jan 1816:<\/strong> <em>Village<\/em>, Pu\u0142tusk Powiat, P\u0142ock Department, Congress Kingdom of Poland<\/li>\n\n\n\n<li><strong>16 Jan 1816-06 Mar 1837:<\/strong> <em>Village<\/em>, Pu\u0142tusk Obw\u00f3d, P\u0142ock Voivodeship, Congress Kingdom of Poland<\/li>\n\n\n\n<li><strong>07 Mar 1837-10 Nov 1842:<\/strong> <em>Village<\/em>, Pu\u0142tusk Obw\u00f3d, P\u0142ock Gubernia, Congress Kingdom of Poland<\/li>\n\n\n\n<li><strong>11 Nov 1842-30 Dec 1866:<\/strong> <em>Village<\/em>, Pu\u0142tusk Powiat, P\u0142ock Gubernia, Congress Kingdom of Poland<\/li>\n\n\n\n<li><strong>31 Dec 1866-25 Dec 1893<\/strong>: <em>Village<\/em>, Pu\u0142tusk Powiat, \u0141om\u017ca Gubernia, Congress Kingdom of Poland<\/li>\n\n\n\n<li><strong>26 Dec 1893-07 Sep 1915:<\/strong> <em>Village<\/em>, Pu\u0142tusk Powiat, Warsaw Gubernia, Congress Kingdom of Poland<\/li>\n\n\n\n<li><strong>08 Sep 1915-10 Nov 1918:<\/strong>&nbsp;<em>Village<\/em>, Pu\u0142tusk Powiat, General Government of Warsaw, German Empire<\/li>\n\n\n\n<li><strong>11 Nov 1918-07 Oct 1939:<\/strong> <em>Village<\/em>, Pu\u0142tusk Powiat, Warsaw Voivodeship, Second Polish Republic<\/li>\n\n\n\n<li><strong>08 Oct 1939-27 Jun 1945:<\/strong> <em>Village<\/em>, Landkreis Ostenburg, Regierungsbezirk Zichenau, Province of East Prussia, German Reich<\/li>\n\n\n\n<li><strong>28 Jun 1945-21 Jul 1952:<\/strong> <em>Village<\/em>, Pu\u0142tusk Powiat, Warsaw Voivodeship, Republic of Poland<\/li>\n\n\n\n<li><strong>22 Jul 1952-31 May 1975:<\/strong> <em>Village<\/em>, Pu\u0142tusk Powiat, Warsaw Voivodeship, Polish People&#8217;s Republic<\/li>\n\n\n\n<li><strong>01 Jun 1975-30 Dec 1989:<\/strong> <em>Village<\/em>, Ciechan\u00f3w Voivodeship, Polish People&#8217;s Republic<\/li>\n\n\n\n<li><strong>31 Dec 1989-30 Dec 1998:<\/strong> <em>Village<\/em>, Ciechan\u00f3w Voivodeship, Third Polish Republic<\/li>\n\n\n\n<li><strong>31 Dec 1998-Present:<\/strong> <em>Village<\/em>, Pu\u0142tusk Powiat, Masovian Voivodeship, Third Polish Republic<\/li>\n<\/ul>\n\n\n\n<p>The administrative structure of the parishes of Barcice, Lubiel, Popowo, and Wyszk\u00f3w can be described as follows:<\/p>\n\n\n\n<div class=\"wp-block-group alignwide\"><div class=\"wp-block-group__inner-container is-layout-flow wp-block-group-is-layout-flow\">\n<ul class=\"wp-block-list\">\n<li><strong>01 Jul 1569-03 Oct 1795:<\/strong> <em>Village<\/em>, Nur Ziemia, Masovia Voivodeship, Crown of the Kingdom of Poland, Polish-Lithuanian Commonwealth<\/li>\n\n\n\n<li><strong>04 Oct 1795-08 Jul 1807:<\/strong> <em>Village<\/em>, Kammerdepartement P\u0142ock, Province of New East Prussia, Kingdom of Prussia<\/li>\n\n\n\n<li><strong>09 Jul 1807-08 Jun 1815:<\/strong> <em>Village<\/em>, Pu\u0142tusk Powiat, P\u0142ock Department, Duchy of Warsaw<\/li>\n\n\n\n<li><strong>09 Jun 1815-15 Jan 1816:<\/strong> <em>Village<\/em>, Pu\u0142tusk Powiat, P\u0142ock Department, Congress Kingdom of Poland<\/li>\n\n\n\n<li><strong>16 Jan 1816-06 Mar 1837:<\/strong> <em>Village<\/em>, Pu\u0142tusk Obw\u00f3d, P\u0142ock Voivodeship, Congress Kingdom of Poland<\/li>\n\n\n\n<li><strong>07 Mar 1837-10 Nov 1842:<\/strong> <em>Village<\/em>, Pu\u0142tusk Obw\u00f3d, P\u0142ock Gubernia, Congress Kingdom of Poland<\/li>\n\n\n\n<li><strong>11 Nov 1842-30 Dec 1866:<\/strong> <em>Village<\/em>, Pu\u0142tusk Powiat, P\u0142ock Gubernia, Congress Kingdom of Poland<\/li>\n\n\n\n<li><strong>31 Dec 1866-25 Dec 1893<\/strong>: <em>Village<\/em>, Pu\u0142tusk Powiat, \u0141om\u017ca Gubernia, Congress Kingdom of Poland<\/li>\n\n\n\n<li><strong>26 Dec 1893-07 Sep 1915:<\/strong> <em>Village<\/em>, Pu\u0142tusk Powiat, Warsaw Gubernia, Congress Kingdom of Poland<\/li>\n\n\n\n<li><strong>08 Sep 1915-10 Nov 1918:<\/strong>&nbsp;<em>Village<\/em>, Pu\u0142tusk Powiat, General Government of Warsaw, German Empire<\/li>\n\n\n\n<li><strong>11 Nov 1918-07 Oct 1939:<\/strong> <em>Village<\/em>, Pu\u0142tusk Powiat, Warsaw Voivodeship, Second Polish Republic<\/li>\n\n\n\n<li><strong>08 Oct 1939-27 Jun 1945:<\/strong> <em>Village<\/em>, Kreishauptmannschaft Ostr\u00f3w, Distrikt Warsaw, General Government, German Reich<\/li>\n\n\n\n<li><strong>28 Jun 1945-21 Jul 1952:<\/strong> <em>Village<\/em>, Wyszk\u00f3w Powiat, Warsaw Voivodeship, Republic of Poland<\/li>\n\n\n\n<li><strong>22 Jul 1952-31 May 1975<\/strong>: <em>Village<\/em>, Wyszk\u00f3w Powiat, Warsaw Voivodeship, Polish People&#8217;s Republic<\/li>\n\n\n\n<li><strong>01 Jun 1975-30 Dec 1989:<\/strong> <em>Village<\/em>, Ostro\u0142\u0119ka Voivodeship, Polish People&#8217;s Republic<\/li>\n\n\n\n<li><strong>31 Dec 1989-30 Dec 1998:<\/strong> <em>Village<\/em>, Ostro\u0142\u0119ka Voivodeship, Third Polish Republic<\/li>\n\n\n\n<li><strong>31 Dec 1998-Present:<\/strong> <em>Village<\/em>, Wyszk\u00f3w Powiat, Masovian Voivodeship, Third Polish Republic<\/li>\n<\/ul>\n<\/div><\/div>\n\n\n\n<p class=\"has-text-align-center\">Copyright \u00a9 2010-2026 by Stephen J. Danko<\/p>\n","protected":false},"excerpt":{"rendered":"<p>The Family History Library has microfilm copies of at least some of the records of sixteen parishes in the Pu\u0142tusk Powiat: Dzier\u017cenin, G\u0105siorowo, Gzy, Klukowo, Nasielsk, Obryte, Pniewo, Pokrzywnica, Przewodowo, Pu\u0142tusk, Smogarzewo, Szyszki, Winnica, Zambski, Zatory, and \u017beromin. <a href=\"https:\/\/stephendanko.com\/blog\/7974\">Continue reading <span class=\"meta-nav\">&rarr;<\/span><\/a><\/p>\n","protected":false},"author":1,"featured_media":0,"comment_status":"open","ping_status":"open","sticky":false,"template":"","format":"standard","meta":{"jetpack_post_was_ever_published":false,"_jetpack_newsletter_access":"","_jetpack_dont_email_post_to_subs":false,"_jetpack_newsletter_tier_id":0,"_jetpack_memberships_contains_paywalled_content":false,"_jetpack_memberships_contains_paid_content":false,"footnotes":"","jetpack_publicize_message":"","jetpack_publicize_feature_enabled":true,"jetpack_social_post_already_shared":false,"jetpack_social_options":{"image_generator_settings":{"template":"highway","default_image_id":0,"font":"","enabled":false},"version":2}},"categories":[27],"tags":[221,224],"class_list":["post-7974","post","type-post","status-publish","format-standard","hentry","category-daily-journal","tag-place-names","tag-poland"],"jetpack_publicize_connections":[],"jetpack_featured_media_url":"","jetpack_shortlink":"https:\/\/wp.me\/pyBfX-24C","jetpack_sharing_enabled":true,"_links":{"self":[{"href":"https:\/\/stephendanko.com\/blog\/wp-json\/wp\/v2\/posts\/7974","targetHints":{"allow":["GET"]}}],"collection":[{"href":"https:\/\/stephendanko.com\/blog\/wp-json\/wp\/v2\/posts"}],"about":[{"href":"https:\/\/stephendanko.com\/blog\/wp-json\/wp\/v2\/types\/post"}],"author":[{"embeddable":true,"href":"https:\/\/stephendanko.com\/blog\/wp-json\/wp\/v2\/users\/1"}],"replies":[{"embeddable":true,"href":"https:\/\/stephendanko.com\/blog\/wp-json\/wp\/v2\/comments?post=7974"}],"version-history":[{"count":36,"href":"https:\/\/stephendanko.com\/blog\/wp-json\/wp\/v2\/posts\/7974\/revisions"}],"predecessor-version":[{"id":24334,"href":"https:\/\/stephendanko.com\/blog\/wp-json\/wp\/v2\/posts\/7974\/revisions\/24334"}],"wp:attachment":[{"href":"https:\/\/stephendanko.com\/blog\/wp-json\/wp\/v2\/media?parent=7974"}],"wp:term":[{"taxonomy":"category","embeddable":true,"href":"https:\/\/stephendanko.com\/blog\/wp-json\/wp\/v2\/categories?post=7974"},{"taxonomy":"post_tag","embeddable":true,"href":"https:\/\/stephendanko.com\/blog\/wp-json\/wp\/v2\/tags?post=7974"}],"curies":[{"name":"wp","href":"https:\/\/api.w.org\/{rel}","templated":true}]}}