{"id":7964,"date":"2010-05-02T23:00:25","date_gmt":"2010-05-03T07:00:25","guid":{"rendered":"http:\/\/stephendanko.com\/blog\/?p=7964"},"modified":"2023-05-22T12:54:05","modified_gmt":"2023-05-22T19:54:05","slug":"administrative-structure-of-the-parishes-of-the-ciechanow-powiat","status":"publish","type":"post","link":"https:\/\/stephendanko.com\/blog\/7964","title":{"rendered":"Administrative Structure of the Parishes of the Ciechan\u00f3w Powiat"},"content":{"rendered":"\n<p>The following parishes were part of the P\u0142onsk Powiat at the beginning of the 20th Century:\u00a0 <a href=\"https:\/\/pl.wikipedia.org\/wiki\/Ciechan%C3%B3w\" target=\"_blank\" rel=\"noreferrer noopener\">Ciechan\u00f3w<\/a>, <a href=\"https:\/\/pl.wikipedia.org\/wiki\/Ciemniewko\" target=\"_blank\" rel=\"noreferrer noopener\">Ciemniewko<\/a>, <a href=\"https:\/\/pl.wikipedia.org\/wiki\/Glinojeck\" target=\"_blank\" rel=\"noreferrer noopener\">Glinojeck<\/a>, <a href=\"https:\/\/pl.wikipedia.org\/wiki\/Go%C5%82ymin-O%C5%9Brodek\" target=\"_blank\" rel=\"noreferrer noopener\">Go\u0142ymin-O\u015brodek<\/a>, <a href=\"https:\/\/pl.wikipedia.org\/wiki\/Grudusk\" target=\"_blank\" rel=\"noreferrer noopener\">Grudusk<\/a>, <a href=\"https:\/\/pl.wikipedia.org\/wiki\/Koziczyn_(wojew%C3%B3dztwo_mazowieckie)\" data-type=\"URL\" data-id=\"https:\/\/pl.wikipedia.org\/wiki\/Koziczyn_(wojew%C3%B3dztwo_mazowieckie)\" target=\"_blank\" rel=\"noreferrer noopener\">Koziczynek<\/a>, <a href=\"https:\/\/pl.wikipedia.org\/wiki\/Krasne_(wojew%C3%B3dztwo_mazowieckie)\" target=\"_blank\" rel=\"noreferrer noopener\">Krasne<\/a>, <a href=\"https:\/\/pl.wikipedia.org\/wiki\/Kraszewo_(wojew%C3%B3dztwo_mazowieckie)\" target=\"_blank\" rel=\"noreferrer noopener\">Kraszewo<\/a>, <a href=\"https:\/\/pl.wikipedia.org\/wiki\/Lekowo_(wojew%C3%B3dztwo_mazowieckie)\" target=\"_blank\" rel=\"noreferrer noopener\">Lekowo<\/a>, <a href=\"https:\/\/pl.wikipedia.org\/wiki\/%C5%81opacin\" target=\"_blank\" rel=\"noreferrer noopener\">\u0141opacin<\/a>, <a href=\"https:\/\/pl.wikipedia.org\/wiki\/%C5%81ysakowo_(powiat_ciechanowski)\" target=\"_blank\" rel=\"noreferrer noopener\">\u0141ysakowo<\/a>, <a href=\"https:\/\/pl.wikipedia.org\/wiki\/Malu%C5%BCyn\" target=\"_blank\" rel=\"noreferrer noopener\">Malu\u017cyn<\/a>, <a href=\"https:\/\/pl.wikipedia.org\/wiki\/M%C5%82ock-Kopacze\" target=\"_blank\" rel=\"noreferrer noopener\">M\u0142ock-Kopacze<\/a>,\u00a0 <a href=\"https:\/\/pl.wikipedia.org\/wiki\/Niedzb%C3%B3rz\" target=\"_blank\" rel=\"noreferrer noopener\">Niedzb\u00f3rz<\/a>, <a href=\"https:\/\/pl.wikipedia.org\/wiki\/Opinog%C3%B3ra_G%C3%B3rna\" target=\"_blank\" rel=\"noreferrer noopener\">Opinog\u00f3ra-G\u00f3rna<\/a>, <a href=\"https:\/\/pl.wikipedia.org\/wiki\/Pa%C5%82uki_(wojew%C3%B3dztwo_mazowieckie)\" target=\"_blank\" rel=\"noreferrer noopener\">Pa\u0142uki<\/a>, <a href=\"https:\/\/pl.wikipedia.org\/wiki\/So%C5%84sk\" target=\"_blank\" rel=\"noreferrer noopener\">So\u0144sk<\/a>, <a href=\"https:\/\/pl.wikipedia.org\/wiki\/Sulerzy%C5%BC\" target=\"_blank\" rel=\"noreferrer noopener\">Sulerzy\u017c<\/a>, <a href=\"https:\/\/pl.wikipedia.org\/wiki\/Ze%C5%84bok\" target=\"_blank\" rel=\"noreferrer noopener\">Ze\u0144bok<\/a>, and <a href=\"https:\/\/pl.wikipedia.org\/wiki\/Zielona_(powiat_przasnyski)\" target=\"_blank\" rel=\"noreferrer noopener\">Zielona<\/a>.<\/p>\n\n\n\n<figure class=\"wp-block-image\"><a href=\"https:\/\/stephendanko.com\/blog\/wp-content\/uploads\/2019\/02\/Powiat-Ciechanow.jpg\"><img loading=\"lazy\" decoding=\"async\" width=\"712\" height=\"1024\" src=\"https:\/\/stephendanko.com\/blog\/wp-content\/uploads\/2019\/02\/Powiat-Ciechanow-712x1024.jpg\" alt=\"Ciechan\u00f3w Powiat in the P\u0142ock Gubernia - 1907\" class=\"wp-image-20988\" srcset=\"https:\/\/stephendanko.com\/blog\/wp-content\/uploads\/2019\/02\/Powiat-Ciechanow-712x1024.jpg 712w, https:\/\/stephendanko.com\/blog\/wp-content\/uploads\/2019\/02\/Powiat-Ciechanow-209x300.jpg 209w, https:\/\/stephendanko.com\/blog\/wp-content\/uploads\/2019\/02\/Powiat-Ciechanow-768x1104.jpg 768w, https:\/\/stephendanko.com\/blog\/wp-content\/uploads\/2019\/02\/Powiat-Ciechanow.jpg 1325w\" sizes=\"auto, (max-width: 712px) 100vw, 712px\" \/><\/a><figcaption class=\"wp-element-caption\"> <br><strong>Ciechan\u00f3w Powiat in the P\u0142ock Gubernia &#8211; 1907<\/strong><br>J\u00f3zef Micha\u0142 Bazewicz,&nbsp;<em>Atlas geograficzny ilustrowany Kr\u00f3lestwa Polskiego<\/em>&nbsp;(Litografia B. A. Bukaty, Warsaw, 1907); digital images,&nbsp;<em>Mapywig<\/em>&nbsp;(<a href=\"http:\/\/igrek.amzp.pl\/details.php?id=11767108\">http:\/\/igrek.amzp.pl\/details.php?id=11767108<\/a> : accessed 02 February 2019).<\/figcaption><\/figure>\n\n\n\n<p>The administrative structure of the parishes of Ciechan\u00f3w, Ciemniewko, Go\u0142ymin, Grudusk, Koziczynek, Kraszewo, Lekowo, \u0141opacin, \u0141ysakowo, M\u0142ock-Kopacze, Opinog\u00f3ra G\u00f3rna, Pa\u0142uki, So\u0144sk, and Ze\u0144bok can be described as follows:<\/p>\n\n\n\n<ul class=\"wp-block-list\">\n<li><strong>01 Jul 1569-04 Oct 1795: <\/strong><em>Village<\/em>, Ciechan\u00f3w Ziemia, Masovian Voivodeship, Province of Greater Poland, Polish-Lithuanian Commonwealth<\/li>\n\n\n\n<li><strong>04 Oct 1795-08 Jul 1807: <\/strong><em>Village<\/em>, Kammerdepartement P\u0142ock, Province of New East Prussia, Kingdom of Prussia<\/li>\n\n\n\n<li><strong>09 Jul 1807-08 Jun 1815: <\/strong><em>Village<\/em>, Przasnysz Powiat, P\u0142ock Department, Duchy of Warsaw<\/li>\n\n\n\n<li><strong>09 Jun 1815-15 Jan 1816: <\/strong><em>Village<\/em>, Przasnysz Powiat, P\u0142ock Department, Congress Kingdom of Poland<\/li>\n\n\n\n<li><strong>16 Jan 1816-06 Mar 1837: <\/strong><em>Village<\/em>, Przasnysz Obw\u00f3d, P\u0142ock Voivodeship, Congress Kingdom of Poland<\/li>\n\n\n\n<li><strong>07 Mar 1837-10 Nov 1842: <\/strong><em>Village,<\/em> Przasnysz Obw\u00f3d, P\u0142ock Gubernia, Congress Kingdom of Poland<\/li>\n\n\n\n<li><strong>10 Nov 1842-17 Oct 1915: <\/strong><em>Village<\/em>, Przasnysz Powiat, P\u0142ock Gubernia, Congress Kingdom of Poland<\/li>\n\n\n\n<li><strong>18 Oct 1915-10 Nov 1918:<\/strong> Village, M\u0142awa Powiat, General Government of Warsaw, German Empire<\/li>\n\n\n\n<li><strong>11 Nov 1918-07 Oct 1939:<\/strong> <em>Village<\/em>, Ciechan\u00f3w Powiat, Warsaw Voivodeship, Second Polish Republic<\/li>\n\n\n\n<li><strong>08 Oct 1939-27 Jun 1945:<\/strong> <em>Village<\/em>, Landkreis Zichenau, Regierungsbezirk Zichenau, Province of East Prussia, German Reich<\/li>\n\n\n\n<li><strong>28 Jun 1945-21 Jul 1952:<\/strong> <em>Village,<\/em> Ciechan\u00f3w Powiat, Warsaw Voivodeship, Republic of Poland<\/li>\n\n\n\n<li><strong>22 Jul 1952-31 May 1975:<\/strong> <em>Village<\/em>, Warsaw Voivodeship, Polish People&#8217;s Republic<\/li>\n\n\n\n<li><strong>01 Jun 1975-30 Dec 1989:<\/strong> <em>Village<\/em>, Ciechan\u00f3w Voivodeship, Polish People&#8217;s Republic<\/li>\n\n\n\n<li><strong>31 Dec 1989-30 Dec 1998:<\/strong> <em>Village<\/em>, Ciechan\u00f3w Voivodeship, Third Polish Republic<\/li>\n\n\n\n<li><strong>31 Dec 1998-Present:<\/strong> <em>Village<\/em>, Ciechan\u00f3w Powiat, Masovian Voivodeship, Third Polish Republic<\/li>\n<\/ul>\n\n\n\n<p>The administrative structure of the parishes of Glinojeck, Malu\u017cyn, and  Sulerzy\u017c can be described as follows:<\/p>\n\n\n\n<ul class=\"wp-block-list\">\n<li><strong>01 Jul 1569-04 Oct 1795: <\/strong><em>Village<\/em>, P\u0142ock Voivodeship, Province of Greater Poland, Polish-Lithuanian Commonwealth<\/li>\n\n\n\n<li><strong>04 Oct 1795-08 Jul 1807: <\/strong><em>Village<\/em>, Kammerdepartement P\u0142ock, Province of New East Prussia, Kingdom of Prussia<\/li>\n\n\n\n<li><strong>09 Jul 1807-08 Jun 1815:<\/strong> <em>Village<\/em>, Przasnysz Powiat, P\u0142ock Department, Duchy of Warsaw<\/li>\n\n\n\n<li><strong>09 Jun 1815-15 Jan 1816: <\/strong><em>Village<\/em>, Przasnysz Powiat, P\u0142ock Department, Congress Kingdom of Poland<\/li>\n\n\n\n<li><strong>16 Jan 1816-06 Mar 1837:<\/strong> <em>Village<\/em>, Przasnysz Obw\u00f3d, P\u0142ock Voivodeship, Congress Kingdom of Poland<\/li>\n\n\n\n<li><strong>07 Mar 1837-10 Nov 1842:<\/strong> <em>Village,<\/em> Przasnysz Obw\u00f3d, P\u0142ock Gubernia, Congress Kingdom of Poland<\/li>\n\n\n\n<li><strong>11 Nov 1842-30 Dec 1866:<\/strong> <em>Village<\/em>, Przasnysz Powiat, P\u0142ock Gubernia, Congress Kingdom of Poland<\/li>\n\n\n\n<li><strong>31 Dec 1866-17 Oct 1915: <\/strong><em>Village<\/em>, Przasnysz Powiat, P\u0142ock Gubernia, Congress Kingdom of Poland<\/li>\n\n\n\n<li><strong>18 Oct 1915-10 Nov 1918:<\/strong> Village, M\u0142awa Powiat, General Government of Warsaw, German Empire<\/li>\n\n\n\n<li><strong>11 Nov 1918-07 Oct 1939:<\/strong> <em>Village<\/em>, Ciechan\u00f3w Powiat, Warsaw Voivodeship, Second Polish Republic<\/li>\n\n\n\n<li><strong>08 Oct 1939-27 Jun 1945:<\/strong> <em>Village<\/em>, Landkreis Zichenau, Regierungsbezirk Zichenau, Province of East Prussia, German Reich<\/li>\n\n\n\n<li><strong>28 Jun 1945-21 Jul 1952:<\/strong> <em>Village,<\/em> Ciechan\u00f3w Powiat, Warsaw Voivodeship, Republic of Poland<\/li>\n\n\n\n<li><strong>22 Jul 1952-31 May 1975:<\/strong> <em>Village<\/em>, Warsaw Voivodeship, Polish People&#8217;s Republic<\/li>\n\n\n\n<li>01 Jun 1975-30 Dec 1989:&nbsp; <em>Village<\/em>, Ciechan\u00f3w Voivodeship, Polish People&#8217;s Republic<\/li>\n\n\n\n<li>31 Dec 1989-30 Dec 1998: <em>Village<\/em>, Ciechan\u00f3w Voivodeship, Third Polish Republic<\/li>\n\n\n\n<li>31 Dec 1998-Present: <em>Village<\/em>, Ciechan\u00f3w Powiat, Masovian Voivodeship, Third Polish Republic<\/li>\n<\/ul>\n\n\n\n<p>The administrative structure of the parish of  Niedzb\u00f3rz can be described as follows:<\/p>\n\n\n\n<ul class=\"wp-block-list\">\n<li><strong>01 Jul 1569-04 Oct 1795: <\/strong><em>Village<\/em>, Zawkrze Ziemia, P\u0142ock Voivodeship, Province of Greater Poland, Polish-Lithuanian Commonwealth<\/li>\n\n\n\n<li><strong>04 Oct 1795-08 Jul 1807: <\/strong><em>Village<\/em>, Kammerdepartement P\u0142ock, Province of New East Prussia, Kingdom of Prussia<\/li>\n\n\n\n<li><strong>09 Jul 1807-08 Jun 1815:<\/strong> <em>Village<\/em>, Przasnysz Powiat, P\u0142ock Department, Duchy of Warsaw<\/li>\n\n\n\n<li><strong>09 Jun 1815-15 Jan 1816: <\/strong><em>Village<\/em>, Przasnysz Powiat, P\u0142ock Department, Congress Kingdom of Poland<\/li>\n\n\n\n<li><strong>16 Jan 1816-06 Mar 1837:<\/strong> <em>Village<\/em>, Przasnysz Obw\u00f3d, P\u0142ock Voivodeship, Congress Kingdom of Poland<\/li>\n\n\n\n<li><strong>07 Mar 1837-10 Nov 1842:<\/strong> <em>Village,<\/em> Przasnysz Obw\u00f3d, P\u0142ock Gubernia, Congress Kingdom of Poland<\/li>\n\n\n\n<li><strong>11 Nov 1842-30 Dec 1866:<\/strong> <em>Village<\/em>, Przasnysz Powiat, P\u0142ock Gubernia, Congress Kingdom of Poland<\/li>\n\n\n\n<li><strong>31 Dec 1866-17 Oct 1915: <\/strong><em>Village<\/em>, Przasnysz Powiat, P\u0142ock Gubernia, Congress Kingdom of Poland<\/li>\n\n\n\n<li><strong>18 Oct 1915-10 Nov 1918:<\/strong> Village, M\u0142awa Powiat, General Government of Warsaw, German Empire<\/li>\n\n\n\n<li><strong>11 Nov 1918-07 Oct 1939:<\/strong> <em>Village<\/em>, Ciechan\u00f3w Powiat, Warsaw Voivodeship, Second Polish Republic<\/li>\n\n\n\n<li><strong>08 Oct 1939-27 Jun 1945:<\/strong> <em>Village<\/em>, Landkreis Zichenau, Regierungsbezirk Zichenau, Province of East Prussia, German Reich<\/li>\n\n\n\n<li><strong>28 Jun 1945-21 Jul 1952:<\/strong> <em>Village,<\/em> Ciechan\u00f3w Powiat, Warsaw Voivodeship, Republic of Poland<\/li>\n\n\n\n<li><strong>22 Jul 1952-31 May 1975:<\/strong> <em>Village<\/em>, Warsaw Voivodeship, Polish People&#8217;s Republic<\/li>\n\n\n\n<li>01 Jun 1975-30 Dec 1989:&nbsp; <em>Village<\/em>, Ciechan\u00f3w Voivodeship, Polish People&#8217;s Republic<\/li>\n\n\n\n<li>31 Dec 1989-30 Dec 1998: <em>Village<\/em>, Ciechan\u00f3w Voivodeship, Third Polish Republic<\/li>\n\n\n\n<li>31 Dec 1998-Present: <em>Village<\/em>, M\u0142awa Powiat, Masovian Voivodeship, Third Polish Republic<\/li>\n<\/ul>\n\n\n\n<p>The administrative structure of the parishes of Krasne and Zielona can be described as follows:<\/p>\n\n\n\n<ul class=\"wp-block-list\">\n<li><strong>01 Jul 1569-04 Oct 1795: <\/strong><em>Village<\/em>, Ciechan\u00f3w Ziemia, Masovian Voivodeship, Province of Greater Poland, Polish-Lithuanian Commonwealth<\/li>\n\n\n\n<li><strong>04 Oct 1795-08 Jul 1807: <\/strong><em>Village<\/em>, Kammerdepartement P\u0142ock, Province of New East Prussia, Kingdom of Prussia<\/li>\n\n\n\n<li><strong>09 Jul 1807-08 Jun 1815: <\/strong><em>Village<\/em>, Przasnysz Powiat, P\u0142ock Department, Duchy of Warsaw<\/li>\n\n\n\n<li><strong>09 Jun 1815-15 Jan 1816: <\/strong><em>Village<\/em>, Przasnysz Powiat, P\u0142ock Department, Congress Kingdom of Poland<\/li>\n\n\n\n<li><strong>16 Jan 1816-06 Mar 1837: <\/strong><em>Village<\/em>, Przasnysz Obw\u00f3d, P\u0142ock Voivodeship, Congress Kingdom of Poland<\/li>\n\n\n\n<li><strong>07 Mar 1837-10 Nov 1842: <\/strong><em>Village,<\/em> Przasnysz Obw\u00f3d, P\u0142ock Gubernia, Congress Kingdom of Poland<\/li>\n\n\n\n<li><strong>10 Nov 1842-17 Oct 1915: <\/strong><em>Village<\/em>, Przasnysz Powiat, P\u0142ock Gubernia, Congress Kingdom of Poland<\/li>\n\n\n\n<li><strong>18 Oct 1915-10 Nov 1918:<\/strong> Village, M\u0142awa Powiat, General Government of Warsaw, German Empire<\/li>\n\n\n\n<li><strong>11 Nov 1918-07 Oct 1939:<\/strong> <em>Village<\/em>, Ciechan\u00f3w Powiat, Warsaw Voivodeship, Second Polish Republic<\/li>\n\n\n\n<li><strong>08 Oct 1939-27 Jun 1945:<\/strong> <em>Village<\/em>, Landkreis Zichenau, Regierungsbezirk Zichenau, Province of East Prussia, German Reich<\/li>\n\n\n\n<li><strong>28 Jun 1945-21 Jul 1952:<\/strong> <em>Village,<\/em> Ciechan\u00f3w Powiat, Warsaw Voivodeship, Republic of Poland<\/li>\n\n\n\n<li><strong>22 Jul 1952-31 May 1975:<\/strong> <em>Village<\/em>, Warsaw Voivodeship, Polish People&#8217;s Republic<\/li>\n\n\n\n<li><strong>01 Jun 1975-30 Dec 1989:<\/strong> <em>Village<\/em>, Ciechan\u00f3w Voivodeship, Polish People&#8217;s Republic<\/li>\n\n\n\n<li><strong>31 Dec 1989-30 Dec 1998:<\/strong> <em>Village<\/em>, Ciechan\u00f3w Voivodeship, Third Polish Republic<\/li>\n\n\n\n<li><strong>31 Dec 1998-Present:<\/strong> <em>Village<\/em>, Przasnysz Powiat, Masovian Voivodeship, Third Polish Republic<\/li>\n<\/ul>\n\n\n\n<p class=\"has-text-align-center\">Copyright \u00a9 2010-2019 by Stephen J. Danko<\/p>\n","protected":false},"excerpt":{"rendered":"<p>The Family History Library has microfilm copies of at least some of the records of nineteen parishes in the Ciechan\u00f3w Powiat: Ciechan\u00f3w, Ciemniewko, Glinojeck, Go\u0142ymin, Grudusk, Koziczynek, Krasne, Kraszewo, Lekowo, \u0141opacin, \u0141ysakowo, Malu\u017cyn, Niedzb\u00f3rz, Opinog\u00f3ra, Pa\u0142uki, So\u0144sk, Sulerzy\u017c, Ze\u0144bok, and Zielona. <a href=\"https:\/\/stephendanko.com\/blog\/7964\">Continue reading <span class=\"meta-nav\">&rarr;<\/span><\/a><\/p>\n","protected":false},"author":1,"featured_media":0,"comment_status":"open","ping_status":"open","sticky":false,"template":"","format":"standard","meta":{"jetpack_post_was_ever_published":false,"_jetpack_newsletter_access":"","_jetpack_dont_email_post_to_subs":false,"_jetpack_newsletter_tier_id":0,"_jetpack_memberships_contains_paywalled_content":false,"_jetpack_memberships_contains_paid_content":false,"footnotes":"","jetpack_publicize_message":"","jetpack_publicize_feature_enabled":true,"jetpack_social_post_already_shared":false,"jetpack_social_options":{"image_generator_settings":{"template":"highway","default_image_id":0,"font":"","enabled":false},"version":2}},"categories":[27],"tags":[221,224],"class_list":["post-7964","post","type-post","status-publish","format-standard","hentry","category-daily-journal","tag-place-names","tag-poland"],"jetpack_publicize_connections":[],"jetpack_featured_media_url":"","jetpack_shortlink":"https:\/\/wp.me\/pyBfX-24s","jetpack_sharing_enabled":true,"_links":{"self":[{"href":"https:\/\/stephendanko.com\/blog\/wp-json\/wp\/v2\/posts\/7964","targetHints":{"allow":["GET"]}}],"collection":[{"href":"https:\/\/stephendanko.com\/blog\/wp-json\/wp\/v2\/posts"}],"about":[{"href":"https:\/\/stephendanko.com\/blog\/wp-json\/wp\/v2\/types\/post"}],"author":[{"embeddable":true,"href":"https:\/\/stephendanko.com\/blog\/wp-json\/wp\/v2\/users\/1"}],"replies":[{"embeddable":true,"href":"https:\/\/stephendanko.com\/blog\/wp-json\/wp\/v2\/comments?post=7964"}],"version-history":[{"count":17,"href":"https:\/\/stephendanko.com\/blog\/wp-json\/wp\/v2\/posts\/7964\/revisions"}],"predecessor-version":[{"id":23268,"href":"https:\/\/stephendanko.com\/blog\/wp-json\/wp\/v2\/posts\/7964\/revisions\/23268"}],"wp:attachment":[{"href":"https:\/\/stephendanko.com\/blog\/wp-json\/wp\/v2\/media?parent=7964"}],"wp:term":[{"taxonomy":"category","embeddable":true,"href":"https:\/\/stephendanko.com\/blog\/wp-json\/wp\/v2\/categories?post=7964"},{"taxonomy":"post_tag","embeddable":true,"href":"https:\/\/stephendanko.com\/blog\/wp-json\/wp\/v2\/tags?post=7964"}],"curies":[{"name":"wp","href":"https:\/\/api.w.org\/{rel}","templated":true}]}}