{"id":1463,"date":"2007-06-17T00:01:34","date_gmt":"2007-06-17T07:01:34","guid":{"rendered":"http:\/\/stephendanko.com\/blog\/2007\/06\/17\/my-galician-grandfather\/"},"modified":"2026-02-09T19:49:08","modified_gmt":"2026-02-10T03:49:08","slug":"my-galician-grandfather","status":"publish","type":"post","link":"https:\/\/stephendanko.com\/blog\/1463","title":{"rendered":"My Galician Grandfather"},"content":{"rendered":"\n<p><strong>Birth and Early Life<\/strong><\/p>\n\n\n\n<p>My paternal grandfather, Michael Danko (Micha\u0142 Da\u0144ko), was born in Nienadowa, Galicia on September 22, 1877, the son of Jakub Da\u0144ko, a farmer,&nbsp;and Agnieszka Sowa. He was delivered by the midwife Agnieszka Pilch, and was baptized in the Roman Catholic parish church in Dubiecko, Galicia on September 23, 1877 by the Reverend [H. Karakulski?]. His Godparents were Andrzej Giergont and Marianna, the widow of Kazimierz Fudali.<\/p>\n\n\n<div class=\"wp-block-image\">\n<figure class=\"aligncenter\"><a class=\"imagelink\" href=\"https:\/\/stephendanko.com\/blog\/wp-content\/uploads\/2007\/06\/Michael-Danko-Aug-14-1948.jpg\"><img decoding=\"async\" src=\"https:\/\/stephendanko.com\/blog\/wp-content\/uploads\/2007\/06\/Michael-Danko-Aug-14-1948.jpg\" alt=\"Michael Danko - 1948\"\/><\/a><\/figure>\n<\/div>\n\n\n<p class=\"has-text-align-center\"><em>Photograph of Micha\u0142 Danko &#8211; 1948<\/em><\/p>\n\n\n\n<p>Micha\u0142 had a number of siblings, but the only ones I&#8217;ve confirmed are Marianna, born 12 Jan 1884, and Marcin, born 11 Dec 1890. His mother reportedly died in 1895 or 1896,&nbsp;after she fell while picking cherries.<\/p>\n\n\n\n<p>After the death of his mother, Micha\u0142&#8217;s\u00a0father married Zofia G\u0142owacz on 03 Sep 1896, and Zofia gave birth to Micha\u0142&#8217;s half-brother, Piotr Da\u0144ko, on 28 Jun 1898.<\/p>\n\n\n\n<p><strong>Marriage and the First Children<\/strong><\/p>\n\n\n\n<p>Micha\u0142\u00a0married Marianna Dziurzy\u0144ska (Marianna Dziura) on 14 Aug 1898, probably in the Roman Catholic parish church in Dyl\u0105gowa. The pair met only shortly before the marriage, which\u00a0was apparently arranged.<\/p>\n\n\n\n<p>Over the next few years,&nbsp;Micha\u0142&#8217;s wife gave birth to three children. The first was probably a son named Karol, but the details of this birth are missing. As a young child, Karol died in Galicia. A daughter, Zofia, was born on 12 Jan 1901, and a son, Jan, was born on 02 May 1905.<\/p>\n\n\n\n<p><strong>Immigration to the United States<\/strong><\/p>\n\n\n\n<p>When\u00a0Micha\u0142 was 27 years old,\u00a0he set off by himself for Antwerp, boarded\u00a0the S.S. Vaderland on 25 Feb 1905 and arrived in New York City on\u00a007 Mar\u00a01905. Upon arriving in New York, he was\u00a0met by Isaac Flichtenfeld, a Jewish umbrella maker from Galicia, residing\u00a0at 35 First Avenue in New York City.\u00a0Micha\u0142 had but $6 in his pocket when he arrived in America.<\/p>\n\n\n\n<p>For reasons unknown, my grandfather then traveled to Worcester, Massachusetts, where he would spend the rest of his life.<\/p>\n\n\n\n<p><strong>Family Arrives in Worcester<\/strong><\/p>\n\n\n\n<p>Micha\u0142&#8217;s\u00a0wife,\u00a0daughter, and surviving son\u00a0arrived in New York on the S.S. Vaderland on\u00a024 May\u00a01909, and his\u00a0sister, Marianna, arrived on the S.S. Kaiserin Auguste Victoria 26 Jun 1909.<\/p>\n\n\n\n<p>Pawe\u0142 Goli\u0144ski, the future husband of\u00a0Micha\u0142&#8217;s sister Marianna,\u00a0and Jan Dziurzy\u0144ski, Micha\u0142&#8217;s brother-in-law,\u00a0traveled together and arrived on the S.S. Grosser Kurfurst on 21 May 1912.<\/p>\n\n\n\n<p>Jan Dziurzy\u0144ski returned to Galicia sometime after 1930, but Pawe\u0142 Goli\u0144ski and Marianna Da\u0144ko Goli\u0144ski lived near Micha\u0142 in Worcester all their lives.<\/p>\n\n\n\n<p><strong>Home and Hearth<\/strong><\/p>\n\n\n\n<p>In 1909, when his wife and children arrived, Micha\u0142 was living at 9 Redding Court, a house located between the Rural Cemetery and the railroad tracks. The railroad tracks were, in fact, directly behind the house.<\/p>\n\n\n\n<p>In 1910, the family was living a block away at 3 Moran Court. The railroad tracks ran directly behind this house, too. The family shared their small, rented house with seven boarders, all Polish immigrants.<\/p>\n\n\n\n<p>By 1920, the family had moved to 19 Prescott Place, and still the railroad tracks ran right behind the house. The family lived in this house for a while. They were still living there in 1930.<\/p>\n\n\n\n<p>By\u00a01942, the family was living at 15 Henchman Street. This house was just on the other side of the railroad tracks from the previous houses in which the family lived.<\/p>\n\n\n\n<p>All these houses have now been demolished.<\/p>\n\n\n\n<p>The family never lived in &#8220;The Island&#8221; where most of the Polish community in Worcester was located.<\/p>\n\n\n\n<p><strong>More Children<\/strong><\/p>\n\n\n\n<p>Over the next years, Micha\u0142&#8217;s wife gave birth to several other children in Worcester: Stanis\u0142awa, born 13 May 1910; Bronis\u0142awa, born 03 Jan 1912, died 13 Jan 1913; Michael, born 13 Sep 1913; Bronis\u0142awa, born 28 Oct 1915; Mary, born 07 Oct 1917, Joseph, born 02 Sep 1919; Helen; and my father, Francis.<\/p>\n\n\n\n<p><strong>The Great War\u00a0and the Second Polish Republic<\/strong><\/p>\n\n\n\n<p>On 12 Sep 1918, Micha\u0142 registered for the World War I draft, although he was not asked to\u00a0serve.<\/p>\n\n\n\n<p>On 11 Nov 1918, the Second Polish Republic was formed. My grandfather probably celebrated the liberation of his homeland from over a century of occupation by Austria. Because Micha\u0142 was born in Galicia, the Austrian partition of Poland, he was legally a citizen of Austria, although his ethnicity was Polish.<\/p>\n\n\n\n<p>In both the 1920 and 1930 censuses, Micha\u0142 reported that he had filed his Declaration of Intention to become a citizen of the United States. I have not found any evidence that he actually did become a citizen.<\/p>\n\n\n\n<p><strong>Education and Employment<\/strong>\u00a0<\/p>\n\n\n\n<p>I was told that Micha\u0142 was well-educated and worked as a teacher in Galicia. At the time he immigrated to the United States in 1905, he could read and write, although he probably couldn&#8217;t speak English very well, if at all. By the 1910 census, he reported that he could speak English. His wife never learned to speak English.<\/p>\n\n\n<div class=\"wp-block-image\">\n<figure class=\"aligncenter size-full\"><a href=\"https:\/\/stephendanko.com\/blog\/wp-content\/uploads\/2007\/06\/American-Steel-and-Wire-North-Works.jpg\"><img loading=\"lazy\" decoding=\"async\" width=\"839\" height=\"533\" src=\"https:\/\/stephendanko.com\/blog\/wp-content\/uploads\/2007\/06\/American-Steel-and-Wire-North-Works.jpg\" alt=\"American Steel and Wire - North Works\" class=\"wp-image-24322\" srcset=\"https:\/\/stephendanko.com\/blog\/wp-content\/uploads\/2007\/06\/American-Steel-and-Wire-North-Works.jpg 839w, https:\/\/stephendanko.com\/blog\/wp-content\/uploads\/2007\/06\/American-Steel-and-Wire-North-Works-300x191.jpg 300w, https:\/\/stephendanko.com\/blog\/wp-content\/uploads\/2007\/06\/American-Steel-and-Wire-North-Works-768x488.jpg 768w\" sizes=\"auto, (max-width: 839px) 100vw, 839px\" \/><\/a><\/figure>\n<\/div>\n\n\n<p class=\"has-text-align-center\"><em>Postcard of American Steel and Wire &#8211; North Works<\/em><\/p>\n\n\n\n<p>Like many Polish immigrants, Micha\u0142 found employment at the American Steel and Wire plant located just a few blocks from where the family lived. There, he worked as a Wire Straightener or a Wire Cutter, among the most difficult and lowest paying jobs available.<\/p>\n\n\n\n<p>With the onset of the Great Depression in 1929, Micha\u0142 was unemployed much of the time.<\/p>\n\n\n\n<p><strong>World War II<\/strong><\/p>\n\n\n\n<p>Micha\u0142 registered for the World War II draft on 27 Apr 1942 as part of the &#8220;Old Men&#8217;s Draft&#8221;.<\/p>\n\n\n\n<p>By the time he registered for the draft, three of his four sons were already serving in the military. His son Michael served in the U.S. Navy, Joseph served in the U.S. Army, and Francis served in the U.S. Naval Armed Guard. All three sons survived the war.<\/p>\n\n\n\n<p><strong>The Children Leave Home<\/strong><\/p>\n\n\n\n<p>By 1920, Micha\u0142&#8217;s daughter Zofia (Sophie) left home and was living and working in a boarding house. Soon after, she moved to Albany, New York.<\/p>\n\n\n\n<p>In the early 1930s, Micha\u0142&#8217;s children Stanis\u0142awa (Statia), Jan (John), and\u00c2&nbsp;Helen followed Sophie and moved to Albany .&nbsp;Finally, in the 1940s, Francis and Micha\u0142&#8217;s wife, Marianna, also moved to Albany, leaving Micha\u0142 by himself.<\/p>\n\n\n\n<p>Micha\u0142&#8217;s children Bronis\u0142awa (Bertha), Mary, Joseph, and Michael continued to live in Worcester.<\/p>\n\n\n\n<p><strong>Micha\u0142&#8217;s Death and Funeral<\/strong><\/p>\n\n\n\n<p>Micha\u0142 died alone in a rooming house at 47 Main Street in Worcester on 02 Jan 1953 at age 76. His death was discovered by his son, Michael. Death was due to arteriosclerotic heart disease.<\/p>\n\n\n<div class=\"wp-block-image\">\n<figure class=\"aligncenter\"><a class=\"imagelink\" href=\"https:\/\/stephendanko.com\/blog\/wp-content\/uploads\/2007\/06\/Michael-Danko-Funeral-Whole-Family.jpg\"><img decoding=\"async\" src=\"https:\/\/stephendanko.com\/blog\/wp-content\/uploads\/2007\/06\/Michael-Danko-Funeral-Whole-Family.jpg\" alt=\"Michael Danko Family\"\/><\/a><\/figure>\n<\/div>\n\n\n<p class=\"has-text-align-center\"><em>The Family of Micha\u0142 Da\u0144ko &#8211; 1953<\/em><\/p>\n\n\n\n<p>His wife and children all gathered in Worcester to mourn his passing. The only photographs I have of all Micha\u0142&#8217;s children together were taken at the time of his funeral.<\/p>\n\n\n\n<p class=\"has-text-align-center\">Copyright \u00a9 2007-2026 by Stephen J. Danko<\/p>\n","protected":false},"excerpt":{"rendered":"<p>Birth and Early Life My paternal grandfather, Michael Danko (Micha\u0142 Da\u0144ko), was born in Nienadowa, Galicia on September 22, 1877, the son of Jakub Da\u0144ko, a farmer,&nbsp;and Agnieszka Sowa. He was delivered by the midwife Agnieszka Pilch, and was baptized &hellip; <a href=\"https:\/\/stephendanko.com\/blog\/1463\">Continue reading <span class=\"meta-nav\">&rarr;<\/span><\/a><\/p>\n","protected":false},"author":1,"featured_media":0,"comment_status":"open","ping_status":"open","sticky":false,"template":"","format":"standard","meta":{"jetpack_post_was_ever_published":false,"_jetpack_newsletter_access":"","_jetpack_dont_email_post_to_subs":false,"_jetpack_newsletter_tier_id":0,"_jetpack_memberships_contains_paywalled_content":false,"_jetpack_memberships_contains_paid_content":false,"footnotes":"","jetpack_publicize_message":"","jetpack_publicize_feature_enabled":true,"jetpack_social_post_already_shared":false,"jetpack_social_options":{"image_generator_settings":{"template":"highway","default_image_id":0,"font":"","enabled":false},"version":2}},"categories":[27,30,35,57,48],"tags":[],"class_list":["post-1463","post","type-post","status-publish","format-standard","hentry","category-daily-journal","category-danko","category-dziurzynski","category-glowacz","category-golinski"],"jetpack_publicize_connections":[],"jetpack_featured_media_url":"","jetpack_shortlink":"https:\/\/wp.me\/pyBfX-nB","jetpack_sharing_enabled":true,"_links":{"self":[{"href":"https:\/\/stephendanko.com\/blog\/wp-json\/wp\/v2\/posts\/1463","targetHints":{"allow":["GET"]}}],"collection":[{"href":"https:\/\/stephendanko.com\/blog\/wp-json\/wp\/v2\/posts"}],"about":[{"href":"https:\/\/stephendanko.com\/blog\/wp-json\/wp\/v2\/types\/post"}],"author":[{"embeddable":true,"href":"https:\/\/stephendanko.com\/blog\/wp-json\/wp\/v2\/users\/1"}],"replies":[{"embeddable":true,"href":"https:\/\/stephendanko.com\/blog\/wp-json\/wp\/v2\/comments?post=1463"}],"version-history":[{"count":2,"href":"https:\/\/stephendanko.com\/blog\/wp-json\/wp\/v2\/posts\/1463\/revisions"}],"predecessor-version":[{"id":24323,"href":"https:\/\/stephendanko.com\/blog\/wp-json\/wp\/v2\/posts\/1463\/revisions\/24323"}],"wp:attachment":[{"href":"https:\/\/stephendanko.com\/blog\/wp-json\/wp\/v2\/media?parent=1463"}],"wp:term":[{"taxonomy":"category","embeddable":true,"href":"https:\/\/stephendanko.com\/blog\/wp-json\/wp\/v2\/categories?post=1463"},{"taxonomy":"post_tag","embeddable":true,"href":"https:\/\/stephendanko.com\/blog\/wp-json\/wp\/v2\/tags?post=1463"}],"curies":[{"name":"wp","href":"https:\/\/api.w.org\/{rel}","templated":true}]}}