{"id":14490,"date":"2011-08-12T00:01:16","date_gmt":"2011-08-12T07:01:16","guid":{"rendered":"http:\/\/stephendanko.com\/blog\/?p=14490"},"modified":"2021-03-07T19:07:10","modified_gmt":"2021-03-08T03:07:10","slug":"the-church-of-notre-dame-de-lassomption-in-eze-france","status":"publish","type":"post","link":"https:\/\/stephendanko.com\/blog\/14490","title":{"rendered":"The Church of Notre Dame de l&#8217;Assomption in \u00c8ze, France"},"content":{"rendered":"<p>Eglise Notre Dame de l&#8217;Assomption (the Church of Our Lady of the Assumption) in \u00c8ze, France can be seen from miles away. This modest church, built in 1764, provides a quiet retreat for peaceful prayer and reflection.<\/p>\n<p style=\"text-align: center;\"><a href=\"https:\/\/stephendanko.com\/blog\/wp-content\/uploads\/2011\/08\/Notre-Dame-de-l-Assomption.jpg\"><img loading=\"lazy\" decoding=\"async\" class=\"aligncenter size-full wp-image-14491\" title=\"The Church of Notre Dame de l'Assomption\" src=\"https:\/\/stephendanko.com\/blog\/wp-content\/uploads\/2011\/08\/Notre-Dame-de-l-Assomption.jpg\" alt=\"The Church of Notre Dame de l'Assomption\" width=\"630\" height=\"420\" srcset=\"https:\/\/stephendanko.com\/blog\/wp-content\/uploads\/2011\/08\/Notre-Dame-de-l-Assomption.jpg 1500w, https:\/\/stephendanko.com\/blog\/wp-content\/uploads\/2011\/08\/Notre-Dame-de-l-Assomption-300x200.jpg 300w, https:\/\/stephendanko.com\/blog\/wp-content\/uploads\/2011\/08\/Notre-Dame-de-l-Assomption-1024x682.jpg 1024w\" sizes=\"auto, (max-width: 630px) 100vw, 630px\" \/><\/a><\/p>\n<p style=\"text-align: center;\"><em>The Church of Notre Dame de l&#8217;Assomption<\/em><\/p>\n<p>SOURCE: \u00c2 The Church of Notre Dame de l&#8217;Assomption (\u00c8ze, Alpes-Maritimes, Provence-Alpes-C\u00f4te d&#8217;Azur, France); photographed by Stephen J. Danko on 03 August 2011.<\/p>\n<p style=\"text-align: center;\"><a href=\"https:\/\/stephendanko.com\/blog\/wp-content\/uploads\/2011\/08\/Notre-Dame-de-l-Assomption-Altar.jpg\"><img loading=\"lazy\" decoding=\"async\" class=\"aligncenter size-full wp-image-14492\" title=\"The Altar in Notre Dame de l'Assomption\" src=\"https:\/\/stephendanko.com\/blog\/wp-content\/uploads\/2011\/08\/Notre-Dame-de-l-Assomption-Altar.jpg\" alt=\"The Altar in Notre Dame de l'Assomption\" width=\"630\" height=\"420\" srcset=\"https:\/\/stephendanko.com\/blog\/wp-content\/uploads\/2011\/08\/Notre-Dame-de-l-Assomption-Altar.jpg 1500w, https:\/\/stephendanko.com\/blog\/wp-content\/uploads\/2011\/08\/Notre-Dame-de-l-Assomption-Altar-300x200.jpg 300w, https:\/\/stephendanko.com\/blog\/wp-content\/uploads\/2011\/08\/Notre-Dame-de-l-Assomption-Altar-1024x682.jpg 1024w\" sizes=\"auto, (max-width: 630px) 100vw, 630px\" \/><\/a><\/p>\n<p style=\"text-align: center;\"><em>The Altar in Notre Dame de l&#8217;Assomption<\/em><\/p>\n<p>SOURCE:\u00a0 The Altar in Notre Dame de l&#8217;Assomption (\u00c8ze, Alpes-Maritimes, Provence-Alpes-C\u00f4te d&#8217;Azur, France); photographed by Stephen J. Danko on 03 August 2011.<\/p>\n<p style=\"text-align: center;\"><a href=\"https:\/\/stephendanko.com\/blog\/wp-content\/uploads\/2011\/08\/Madonna-and-Child.jpg\"><img loading=\"lazy\" decoding=\"async\" class=\"aligncenter size-full wp-image-14493\" title=\"Madonna and Child\" src=\"https:\/\/stephendanko.com\/blog\/wp-content\/uploads\/2011\/08\/Madonna-and-Child.jpg\" alt=\"Madonna and Child\" width=\"630\" height=\"420\" srcset=\"https:\/\/stephendanko.com\/blog\/wp-content\/uploads\/2011\/08\/Madonna-and-Child.jpg 1500w, https:\/\/stephendanko.com\/blog\/wp-content\/uploads\/2011\/08\/Madonna-and-Child-300x200.jpg 300w, https:\/\/stephendanko.com\/blog\/wp-content\/uploads\/2011\/08\/Madonna-and-Child-1024x682.jpg 1024w\" sizes=\"auto, (max-width: 630px) 100vw, 630px\" \/><\/a><\/p>\n<p style=\"text-align: center;\"><em>Madonna and Child<\/em><\/p>\n<p>SOURCE: Madonna and Child (\u00c8ze, Alpes-Maritimes, Provence-Alpes-C\u00f4te d&#8217;Azur, France); photographed by Stephen J. Danko on 03 August 2011.<\/p>\n<p style=\"text-align: center;\"><a href=\"https:\/\/stephendanko.com\/blog\/wp-content\/uploads\/2011\/08\/John-the-Baptist.jpg\"><img loading=\"lazy\" decoding=\"async\" class=\"aligncenter size-full wp-image-14494\" title=\"John the Baptist\" src=\"https:\/\/stephendanko.com\/blog\/wp-content\/uploads\/2011\/08\/John-the-Baptist.jpg\" alt=\"John the Baptist\" width=\"420\" height=\"630\" srcset=\"https:\/\/stephendanko.com\/blog\/wp-content\/uploads\/2011\/08\/John-the-Baptist.jpg 1000w, https:\/\/stephendanko.com\/blog\/wp-content\/uploads\/2011\/08\/John-the-Baptist-200x300.jpg 200w, https:\/\/stephendanko.com\/blog\/wp-content\/uploads\/2011\/08\/John-the-Baptist-682x1024.jpg 682w\" sizes=\"auto, (max-width: 420px) 100vw, 420px\" \/><\/a><\/p>\n<p style=\"text-align: center;\"><em>John the Baptist<\/em><\/p>\n<p>SOURCE: John the Baptist (\u00c8ze, Alpes-Maritimes, Provence-Alpes-C\u00f4te d&#8217;Azur, France); photographed by Stephen J. Danko on 03 August 2011.<\/p>\n<p style=\"text-align: center;\">Copyright \u00a9 2011 by Stephen J. Danko<\/p>\n","protected":false},"excerpt":{"rendered":"<p>Eglise Notre Dame de l&#8217;Assomption (the Church of Our Lady of the Assumption) in \u00c8ze, France can be seen from miles away. This modest church, built in 1764, provides a quiet retreat for peaceful prayer and reflection. The Church of &hellip; <a href=\"https:\/\/stephendanko.com\/blog\/14490\">Continue reading <span class=\"meta-nav\">&rarr;<\/span><\/a><\/p>\n","protected":false},"author":1,"featured_media":0,"comment_status":"open","ping_status":"open","sticky":false,"template":"","format":"standard","meta":{"jetpack_post_was_ever_published":false,"_jetpack_newsletter_access":"","_jetpack_dont_email_post_to_subs":false,"_jetpack_newsletter_tier_id":0,"_jetpack_memberships_contains_paywalled_content":false,"_jetpack_memberships_contains_paid_content":false,"footnotes":"","jetpack_publicize_message":"","jetpack_publicize_feature_enabled":true,"jetpack_social_post_already_shared":false,"jetpack_social_options":{"image_generator_settings":{"template":"highway","default_image_id":0,"font":"","enabled":false},"version":2}},"categories":[27],"tags":[314,329,311],"class_list":["post-14490","post","type-post","status-publish","format-standard","hentry","category-daily-journal","tag-eze","tag-france","tag-mediterranean-vacation"],"jetpack_publicize_connections":[],"jetpack_featured_media_url":"","jetpack_shortlink":"https:\/\/wp.me\/pyBfX-3LI","jetpack_sharing_enabled":true,"_links":{"self":[{"href":"https:\/\/stephendanko.com\/blog\/wp-json\/wp\/v2\/posts\/14490","targetHints":{"allow":["GET"]}}],"collection":[{"href":"https:\/\/stephendanko.com\/blog\/wp-json\/wp\/v2\/posts"}],"about":[{"href":"https:\/\/stephendanko.com\/blog\/wp-json\/wp\/v2\/types\/post"}],"author":[{"embeddable":true,"href":"https:\/\/stephendanko.com\/blog\/wp-json\/wp\/v2\/users\/1"}],"replies":[{"embeddable":true,"href":"https:\/\/stephendanko.com\/blog\/wp-json\/wp\/v2\/comments?post=14490"}],"version-history":[{"count":4,"href":"https:\/\/stephendanko.com\/blog\/wp-json\/wp\/v2\/posts\/14490\/revisions"}],"predecessor-version":[{"id":22518,"href":"https:\/\/stephendanko.com\/blog\/wp-json\/wp\/v2\/posts\/14490\/revisions\/22518"}],"wp:attachment":[{"href":"https:\/\/stephendanko.com\/blog\/wp-json\/wp\/v2\/media?parent=14490"}],"wp:term":[{"taxonomy":"category","embeddable":true,"href":"https:\/\/stephendanko.com\/blog\/wp-json\/wp\/v2\/categories?post=14490"},{"taxonomy":"post_tag","embeddable":true,"href":"https:\/\/stephendanko.com\/blog\/wp-json\/wp\/v2\/tags?post=14490"}],"curies":[{"name":"wp","href":"https:\/\/api.w.org\/{rel}","templated":true}]}}