{"id":14483,"date":"2011-08-11T00:01:04","date_gmt":"2011-08-11T07:01:04","guid":{"rendered":"http:\/\/stephendanko.com\/blog\/?p=14483"},"modified":"2021-03-07T19:08:49","modified_gmt":"2021-03-08T03:08:49","slug":"eze-france","status":"publish","type":"post","link":"https:\/\/stephendanko.com\/blog\/14483","title":{"rendered":"\u00c8ze, France"},"content":{"rendered":"<p>The tiny mountaintop commune of \u00c8ze, France is just a short distance from Nice. It commands a breathtaking view of the French Riviera. Its narrow streets wind up and down between quaint shops and restaurants. The sculpture of <em>Marie<\/em> by Jean-Philippe Richard, given to the commune in April 2009 is a &#8220;Statue representing femininity, head turned to the stars and the feet rooted in the earth; it is the link of union between the symbolic world and the real world, it is both reassuring and humble in a world hard and unstable.&#8221;<\/p>\n<p style=\"text-align: center;\"><a href=\"https:\/\/stephendanko.com\/blog\/wp-content\/uploads\/2011\/08\/From-Nice-to-Eze.jpg\"><img loading=\"lazy\" decoding=\"async\" class=\"aligncenter size-full wp-image-14484\" title=\"View on the Road to \u00c8ze\" src=\"https:\/\/stephendanko.com\/blog\/wp-content\/uploads\/2011\/08\/From-Nice-to-Eze.jpg\" alt=\"View on the Road to \u00c8ze\" width=\"630\" height=\"420\" srcset=\"https:\/\/stephendanko.com\/blog\/wp-content\/uploads\/2011\/08\/From-Nice-to-Eze.jpg 1500w, https:\/\/stephendanko.com\/blog\/wp-content\/uploads\/2011\/08\/From-Nice-to-Eze-300x200.jpg 300w, https:\/\/stephendanko.com\/blog\/wp-content\/uploads\/2011\/08\/From-Nice-to-Eze-1024x682.jpg 1024w\" sizes=\"auto, (max-width: 630px) 100vw, 630px\" \/><\/a><\/p>\n<p style=\"text-align: center;\"><em>View on the Road to \u00c8ze<\/em><\/p>\n<p>SOURCE:\u00a0 View on the Road to \u00c8ze (Alpes-Maritimes, Provence-Alpes-C\u00f4te d&#8217;Azur, France); photographed by Stephen J. Danko on 03 August 2011.<\/p>\n<p style=\"text-align: center;\"><a href=\"https:\/\/stephendanko.com\/blog\/wp-content\/uploads\/2011\/08\/Eze.jpg\"><img loading=\"lazy\" decoding=\"async\" class=\"aligncenter size-full wp-image-14485\" title=\"The Commune of \u00c8ze\" src=\"https:\/\/stephendanko.com\/blog\/wp-content\/uploads\/2011\/08\/Eze.jpg\" alt=\"The Commune of \u00c8ze\" width=\"630\" height=\"420\" srcset=\"https:\/\/stephendanko.com\/blog\/wp-content\/uploads\/2011\/08\/Eze.jpg 1500w, https:\/\/stephendanko.com\/blog\/wp-content\/uploads\/2011\/08\/Eze-300x200.jpg 300w, https:\/\/stephendanko.com\/blog\/wp-content\/uploads\/2011\/08\/Eze-1024x682.jpg 1024w\" sizes=\"auto, (max-width: 630px) 100vw, 630px\" \/><\/a><\/p>\n<p style=\"text-align: center;\"><em>The Commune of \u00c8ze<\/em><\/p>\n<p>SOURCE:\u00a0 The Commune of \u00c8ze (\u00c8ze, Alpes-Maritimes, Provence-Alpes-C\u00f4te d&#8217;Azur, France); photographed by Stephen J. Danko on 03 August 2011.<\/p>\n<p style=\"text-align: center;\"><a href=\"https:\/\/stephendanko.com\/blog\/wp-content\/uploads\/2011\/08\/Eze-Streets.jpg\"><img loading=\"lazy\" decoding=\"async\" class=\"aligncenter size-full wp-image-14486\" title=\"The Streets of \u00c8ze\" src=\"https:\/\/stephendanko.com\/blog\/wp-content\/uploads\/2011\/08\/Eze-Streets.jpg\" alt=\"The Streets of \u00c8ze\" width=\"630\" height=\"420\" srcset=\"https:\/\/stephendanko.com\/blog\/wp-content\/uploads\/2011\/08\/Eze-Streets.jpg 1500w, https:\/\/stephendanko.com\/blog\/wp-content\/uploads\/2011\/08\/Eze-Streets-300x200.jpg 300w, https:\/\/stephendanko.com\/blog\/wp-content\/uploads\/2011\/08\/Eze-Streets-1024x682.jpg 1024w\" sizes=\"auto, (max-width: 630px) 100vw, 630px\" \/><\/a><\/p>\n<p style=\"text-align: center;\"><em><em>The Streets of \u00c8ze<\/em><\/em><\/p>\n<p>SOURCE:\u00a0 The Streets of \u00c8ze (\u00c8ze, Alpes-Maritimes, Provence-Alpes-C\u00f4te d&#8217;Azur, France); photographed by Stephen J. Danko on 03 August 2011.<\/p>\n<p style=\"text-align: center;\"><a href=\"https:\/\/stephendanko.com\/blog\/wp-content\/uploads\/2011\/08\/Marie.jpg\"><img loading=\"lazy\" decoding=\"async\" class=\"aligncenter size-full wp-image-14487\" title=\"Sculpture of Marie by Jean-Philippe Richard\" src=\"https:\/\/stephendanko.com\/blog\/wp-content\/uploads\/2011\/08\/Marie.jpg\" alt=\"Sculpture of Marie by Jean-Philippe Richard\" width=\"420\" height=\"630\" srcset=\"https:\/\/stephendanko.com\/blog\/wp-content\/uploads\/2011\/08\/Marie.jpg 1000w, https:\/\/stephendanko.com\/blog\/wp-content\/uploads\/2011\/08\/Marie-200x300.jpg 200w, https:\/\/stephendanko.com\/blog\/wp-content\/uploads\/2011\/08\/Marie-682x1024.jpg 682w\" sizes=\"auto, (max-width: 420px) 100vw, 420px\" \/><\/a><\/p>\n<p style=\"text-align: center;\"><em>Sculpture of Marie by Jean-Philippe Richard<\/em><\/p>\n<p>SOURCE: Sculpture of <em>Marie<\/em> by Jean-Philippe Richard (\u00c8ze, Alpes-Maritimes, Provence-Alpes-C\u00f4te d&#8217;Azur, France); photographed by Stephen J. Danko on 03 August 2011.<\/p>\n<p style=\"text-align: center;\">Copyright \u00a9 2011 by Stephen J. Danko<\/p>\n","protected":false},"excerpt":{"rendered":"<p>The tiny mountaintop commune of \u00c8ze, France is just a short distance from Nice. It commands a breathtaking view of the French Riviera. Its narrow streets wind up and down between quaint shops and restaurants. The sculpture of Marie by &hellip; <a href=\"https:\/\/stephendanko.com\/blog\/14483\">Continue reading <span class=\"meta-nav\">&rarr;<\/span><\/a><\/p>\n","protected":false},"author":1,"featured_media":0,"comment_status":"open","ping_status":"open","sticky":false,"template":"","format":"standard","meta":{"jetpack_post_was_ever_published":false,"_jetpack_newsletter_access":"","_jetpack_dont_email_post_to_subs":false,"_jetpack_newsletter_tier_id":0,"_jetpack_memberships_contains_paywalled_content":false,"_jetpack_memberships_contains_paid_content":false,"footnotes":"","jetpack_publicize_message":"","jetpack_publicize_feature_enabled":true,"jetpack_social_post_already_shared":false,"jetpack_social_options":{"image_generator_settings":{"template":"highway","default_image_id":0,"font":"","enabled":false},"version":2}},"categories":[27],"tags":[314,329,311],"class_list":["post-14483","post","type-post","status-publish","format-standard","hentry","category-daily-journal","tag-eze","tag-france","tag-mediterranean-vacation"],"jetpack_publicize_connections":[],"jetpack_featured_media_url":"","jetpack_shortlink":"https:\/\/wp.me\/pyBfX-3LB","jetpack_sharing_enabled":true,"_links":{"self":[{"href":"https:\/\/stephendanko.com\/blog\/wp-json\/wp\/v2\/posts\/14483","targetHints":{"allow":["GET"]}}],"collection":[{"href":"https:\/\/stephendanko.com\/blog\/wp-json\/wp\/v2\/posts"}],"about":[{"href":"https:\/\/stephendanko.com\/blog\/wp-json\/wp\/v2\/types\/post"}],"author":[{"embeddable":true,"href":"https:\/\/stephendanko.com\/blog\/wp-json\/wp\/v2\/users\/1"}],"replies":[{"embeddable":true,"href":"https:\/\/stephendanko.com\/blog\/wp-json\/wp\/v2\/comments?post=14483"}],"version-history":[{"count":4,"href":"https:\/\/stephendanko.com\/blog\/wp-json\/wp\/v2\/posts\/14483\/revisions"}],"predecessor-version":[{"id":22519,"href":"https:\/\/stephendanko.com\/blog\/wp-json\/wp\/v2\/posts\/14483\/revisions\/22519"}],"wp:attachment":[{"href":"https:\/\/stephendanko.com\/blog\/wp-json\/wp\/v2\/media?parent=14483"}],"wp:term":[{"taxonomy":"category","embeddable":true,"href":"https:\/\/stephendanko.com\/blog\/wp-json\/wp\/v2\/categories?post=14483"},{"taxonomy":"post_tag","embeddable":true,"href":"https:\/\/stephendanko.com\/blog\/wp-json\/wp\/v2\/tags?post=14483"}],"curies":[{"name":"wp","href":"https:\/\/api.w.org\/{rel}","templated":true}]}}